{"id":85908,"date":"2021-07-28T14:00:06","date_gmt":"2021-07-28T12:00:06","guid":{"rendered":"https:\/\/boumh.umh.es\/?p=85908"},"modified":"2021-07-28T09:28:50","modified_gmt":"2021-07-28T07:28:50","slug":"dogv-num-9137-de-28-de-julio-de-2021-extracto-de-la-resolucion-de-13-de-julio-de-la-universidad-miguel-hernandez-de-elche-por-la-que-se-convoca-el-programa-de-premios-fundacion-trinidad-alfonso-pa","status":"publish","type":"post","link":"https:\/\/boumh.umh.es\/ca\/dogv-num-9137-de-28-de-julio-de-2021-extracto-de-la-resolucion-de-13-de-julio-de-la-universidad-miguel-hernandez-de-elche-por-la-que-se-convoca-el-programa-de-premios-fundacion-trinidad-alfonso-pa\/","title":{"rendered":"DOGV n\u00fam. 9137 de 28 de juliol de 2021. Extracte de la Resoluci\u00f3 de 13 de juliol, de la Universitat Miguel Hern\u00e1ndez d&#8217;Elx, per la qual es convoca el programa de premis Fundaci\u00f3 Trinidad Alfonso per a estudiantat esportista de la Universitat Miguel Hern\u00e1ndez d&#8217;Elx, curs 2020-2021."},"content":{"rendered":"","protected":false},"excerpt":{"rendered":"","protected":false},"author":683,"featured_media":0,"comment_status":"closed","ping_status":"open","sticky":false,"template":"","format":"standard","meta":{"_links_to":"","_links_to_target":""},"categories":[69272],"tags":[],"URL":"https:\/\/dogv.gva.es\/datos\/2021\/07\/28\/pdf\/2021_8095.pdf","fuente":"DOGV","extendido":"off","_links":{"self":[{"href":"https:\/\/boumh.umh.es\/ca\/wp-json\/wp\/v2\/posts\/85908"}],"collection":[{"href":"https:\/\/boumh.umh.es\/ca\/wp-json\/wp\/v2\/posts"}],"about":[{"href":"https:\/\/boumh.umh.es\/ca\/wp-json\/wp\/v2\/types\/post"}],"author":[{"embeddable":true,"href":"https:\/\/boumh.umh.es\/ca\/wp-json\/wp\/v2\/users\/683"}],"replies":[{"embeddable":true,"href":"https:\/\/boumh.umh.es\/ca\/wp-json\/wp\/v2\/comments?post=85908"}],"version-history":[{"count":0,"href":"https:\/\/boumh.umh.es\/ca\/wp-json\/wp\/v2\/posts\/85908\/revisions"}],"wp:attachment":[{"href":"https:\/\/boumh.umh.es\/ca\/wp-json\/wp\/v2\/media?parent=85908"}],"wp:term":[{"taxonomy":"category","embeddable":true,"href":"https:\/\/boumh.umh.es\/ca\/wp-json\/wp\/v2\/categories?post=85908"},{"taxonomy":"post_tag","embeddable":true,"href":"https:\/\/boumh.umh.es\/ca\/wp-json\/wp\/v2\/tags?post=85908"}],"curies":[{"name":"wp","href":"https:\/\/api.w.org\/{rel}","templated":true}]}}