{"id":128604,"date":"2024-10-16T14:00:18","date_gmt":"2024-10-16T12:00:18","guid":{"rendered":"https:\/\/boumh.umh.es\/?p=128604"},"modified":"2024-10-16T09:57:47","modified_gmt":"2024-10-16T07:57:47","slug":"dogv-num-9958-de-16-de-octubre-de-2024-extracto-de-la-resolucion-de-7-de-octubre-del-rectorado-por-la-cual-se-convocan-las-becas-especiales-a-estudiantado-con-discapacidad-y-estudiantes-colaborado","status":"publish","type":"post","link":"https:\/\/boumh.umh.es\/ca\/dogv-num-9958-de-16-de-octubre-de-2024-extracto-de-la-resolucion-de-7-de-octubre-del-rectorado-por-la-cual-se-convocan-las-becas-especiales-a-estudiantado-con-discapacidad-y-estudiantes-colaborado\/","title":{"rendered":"DOGV n\u00fam. 9958 de 16 d&#8217;octubre de 2024. Extracte de la Resoluci\u00f3 de 7 d&#8217;octubre, del Rectorat, per la qual es convoquen les beques especials a estudiantat amb discapacitat i estudiants col\u00b7laboradors per a la inclusi\u00f3 d\u2019estudiantat amb discapacitat, matriculats en la Universitat Miguel Hern\u00e1ndez d\u2019Elx en el curs acad\u00e8mic 2024-2025 (codi l\u00ednia de subvenci\u00f3 10-426-4-2024- 0072-s)."},"content":{"rendered":"<p><a href=\"https:\/\/dogv.gva.es\/datos\/2024\/10\/16\/pdf\/2024_10667_va.pdf\">https:\/\/dogv.gva.es\/datos\/2024\/10\/16\/pdf\/2024_10667_va.pdf<\/a><\/p>","protected":false},"excerpt":{"rendered":"<p>https:\/\/dogv.gva.es\/datos\/2024\/10\/16\/pdf\/2024_10667_va.pdf<\/p>\n","protected":false},"author":683,"featured_media":0,"comment_status":"closed","ping_status":"open","sticky":false,"template":"","format":"standard","meta":{"_links_to":"","_links_to_target":""},"categories":[69272],"tags":[],"URL":"","fuente":"DOGV","extendido":"off","_links":{"self":[{"href":"https:\/\/boumh.umh.es\/ca\/wp-json\/wp\/v2\/posts\/128604"}],"collection":[{"href":"https:\/\/boumh.umh.es\/ca\/wp-json\/wp\/v2\/posts"}],"about":[{"href":"https:\/\/boumh.umh.es\/ca\/wp-json\/wp\/v2\/types\/post"}],"author":[{"embeddable":true,"href":"https:\/\/boumh.umh.es\/ca\/wp-json\/wp\/v2\/users\/683"}],"replies":[{"embeddable":true,"href":"https:\/\/boumh.umh.es\/ca\/wp-json\/wp\/v2\/comments?post=128604"}],"version-history":[{"count":0,"href":"https:\/\/boumh.umh.es\/ca\/wp-json\/wp\/v2\/posts\/128604\/revisions"}],"wp:attachment":[{"href":"https:\/\/boumh.umh.es\/ca\/wp-json\/wp\/v2\/media?parent=128604"}],"wp:term":[{"taxonomy":"category","embeddable":true,"href":"https:\/\/boumh.umh.es\/ca\/wp-json\/wp\/v2\/categories?post=128604"},{"taxonomy":"post_tag","embeddable":true,"href":"https:\/\/boumh.umh.es\/ca\/wp-json\/wp\/v2\/tags?post=128604"}],"curies":[{"name":"wp","href":"https:\/\/api.w.org\/{rel}","templated":true}]}}